{"id":13165,"date":"2025-12-22T10:00:00","date_gmt":"2025-12-22T09:00:00","guid":{"rendered":"https:\/\/epic.es\/por-que-la-ram-es-tan-cara\/"},"modified":"2025-12-22T10:00:00","modified_gmt":"2025-12-22T09:00:00","slug":"por-que-la-ram-es-tan-cara","status":"publish","type":"post","link":"https:\/\/epic.es\/ca\/por-que-la-ram-es-tan-cara\/","title":{"rendered":"Por qu\u00e9 la RAM es tan cara y qu\u00e9 factores influyen en su precio"},"content":{"rendered":"\n<p>Quien haya intentado ampliar la memoria de un ordenador en los \u00faltimos a\u00f1os seguramente se ha hecho la misma pregunta: \u00bfpor qu\u00e9 la RAM es tan cara? Durante mucho tiempo, la sensaci\u00f3n general era justo la contraria. Cada a\u00f1o, los componentes parec\u00edan m\u00e1s potentes y m\u00e1s baratos. Sin embargo, la memoria RAM ha demostrado que su precio no sigue una l\u00ednea recta ni predecible.<\/p>\n\n\n\n<p>La explicaci\u00f3n no est\u00e1 solo en la tecnolog\u00eda, sino en un conjunto de factores industriales, econ\u00f3micos y estrat\u00e9gicos que van mucho m\u00e1s all\u00e1 del usuario final.<\/p>\n\n\n\n<h2 class=\"wp-block-heading\">Cuando la memoria parec\u00eda cada vez m\u00e1s barata<\/h2>\n\n\n\n<p>Durante a\u00f1os, la evoluci\u00f3n de la memoria RAM dio la impresi\u00f3n de ser sencilla: m\u00e1s capacidad, mejor rendimiento y precios a la baja. Cada nueva generaci\u00f3n sustitu\u00eda a la anterior y el mercado absorb\u00eda el cambio sin grandes sobresaltos. Ampliar un equipo era una decisi\u00f3n casi autom\u00e1tica y asumible.<\/p>\n\n\n\n<p>Esa etapa cre\u00f3 una expectativa que hoy ya no se cumple. La RAM dej\u00f3 de comportarse como un componente \u201cprevisible\u201d y pas\u00f3 a depender de din\u00e1micas mucho m\u00e1s complejas.<\/p>\n\n\n\n<h2 class=\"wp-block-heading\">Un mercado dominado por muy pocos fabricantes<\/h2>\n\n\n\n<p>Uno de los factores clave del precio de la RAM es su alta concentraci\u00f3n industrial. A diferencia de otros componentes, la fabricaci\u00f3n de memoria est\u00e1 en manos de un n\u00famero muy reducido de grandes actores a nivel mundial. Esto significa que la oferta no responde \u00fanicamente a la demanda del mercado, sino tambi\u00e9n a decisiones estrat\u00e9gicas de producci\u00f3n, inversi\u00f3n y control de stock.<\/p>\n\n\n\n<p>Cuando la producci\u00f3n se ajusta o se ralentiza, el impacto en los precios es inmediato. Y cuando la demanda crece de forma repentina, no siempre es posible aumentar la oferta con la misma rapidez.<\/p>\n\n\n\n<h2 class=\"wp-block-heading\">La demanda ya no viene solo de los ordenadores personales<\/h2>\n\n\n\n<p>Otro cambio fundamental es qui\u00e9n compite hoy por la memoria RAM. Ya no se trata solo de usuarios dom\u00e9sticos o empresas renovando equipos. Gran parte de la demanda actual proviene de centros de datos, plataformas cloud y grandes infraestructuras empresariales.<\/p>\n\n\n\n<p>A esto se suma el crecimiento acelerado de los proyectos de <strong>inteligencia artificial<\/strong>, que requieren enormes cantidades de memoria para funcionar de forma eficiente. Modelos y plataformas como <strong>ChatGPT, Gemini, sistemas de IA generativa, an\u00e1lisis de datos masivos y entornos de entrenamiento de modelos<\/strong> dependen directamente de grandes vol\u00famenes de RAM para procesar informaci\u00f3n en tiempo real.<\/p>\n\n\n\n<p>Estas tecnolog\u00edas no se ejecutan en un \u00fanico ordenador, sino en infraestructuras completas dise\u00f1adas para absorber picos de carga constantes. Cuando este tipo de proyectos entra en juego, la competencia por la memoria se intensifica y el mercado prioriza estas necesidades frente al consumo tradicional, lo que acaba repercutiendo en el precio final de la RAM para empresas y usuarios.<\/p>\n\n\n\n<h2 class=\"wp-block-heading\">La influencia de la geopol\u00edtica y las crisis globales<\/h2>\n\n\n\n<p>El precio de la RAM tambi\u00e9n refleja el contexto global. Crisis sanitarias, conflictos internacionales, restricciones comerciales o problemas log\u00edsticos afectan directamente a la producci\u00f3n y distribuci\u00f3n de componentes electr\u00f3nicos.<\/p>\n\n\n\n<p>A diferencia de otros productos, la memoria RAM depende de cadenas de suministro muy especializadas. Cualquier interrupci\u00f3n, por peque\u00f1a que sea, puede generar escasez temporal y subidas de precio que tardan meses en corregirse.<\/p>\n\n\n\n<h2 class=\"wp-block-heading\">Por qu\u00e9 los precios suben y bajan sin un patr\u00f3n claro<\/h2>\n\n\n\n<p>A menudo se observa que la RAM baja de precio durante un periodo y, poco despu\u00e9s, vuelve a subir. Esto no es casual. El mercado de la memoria funciona por ciclos: momentos de sobreproducci\u00f3n que abaratan precios y fases de ajuste en las que la oferta se reduce.<\/p>\n\n\n\n<p>Para el usuario final, estos movimientos resultan dif\u00edciles de prever. Lo que hoy parece una buena oportunidad, ma\u00f1ana puede desaparecer sin previo aviso.<\/p>\n\n\n\n<h2 class=\"wp-block-heading\">Qu\u00e9 implica esto para empresas y usuarios<\/h2>\n\n\n\n<p>La volatilidad del precio de la RAM tiene una consecuencia clara: improvisar sale caro. Tanto en entornos empresariales como profesionales, ampliar memoria o renovar equipos deber\u00eda formar parte de una planificaci\u00f3n tecnol\u00f3gica, no de una reacci\u00f3n puntual a un problema de rendimiento.<\/p>\n\n\n\n<p>Entender c\u00f3mo evolucionan los componentes ayuda a tomar decisiones m\u00e1s acertadas, evitar compras urgentes y dise\u00f1ar infraestructuras m\u00e1s equilibradas y eficientes a medio y largo plazo.<\/p>\n\n\n\n<h2 class=\"wp-block-heading\">Mirar la tecnolog\u00eda como un sistema, no como piezas sueltas<\/h2>\n\n\n\n<p>La RAM no es cara \u201cporque s\u00ed\u201d. Su precio refleja c\u00f3mo ha cambiado la tecnolog\u00eda y el papel que juega en un ecosistema cada vez m\u00e1s exigente. Hoy, los componentes ya no se pueden analizar de forma aislada: forman parte de sistemas complejos que requieren visi\u00f3n, planificaci\u00f3n y criterio t\u00e9cnico.<\/p>\n\n\n\n<p>Comprender estos factores no solo evita sorpresas, sino que permite trabajar con mayor estabilidad y previsi\u00f3n.<\/p>\n\n\n\n<p>Si tu empresa quiere planificar su infraestructura tecnol\u00f3gica con sentido, evitar improvisaciones y tomar decisiones informadas sobre hardware y sistemas, en Epic Solutions te ayudamos a hacerlo con una visi\u00f3n global y profesional.<\/p>\n\n\n\n<p>M\u00e1s informaci\u00f3n sobre mantenimiento inform\u00e1tico:<br><a href=\"https:\/\/epic.es\/ca\/manteniment-informatic\/\">https:\/\/epic.es\/mantenimiento-informatico\/<\/a><\/p>\n","protected":false},"excerpt":{"rendered":"<p>Quien haya intentado ampliar la memoria de un ordenador en los \u00faltimos a\u00f1os seguramente se ha hecho la misma pregunta: \u00bfpor qu\u00e9 la RAM es tan cara? Durante mucho tiempo, la sensaci\u00f3n general era justo la contraria. Cada a\u00f1o, los componentes parec\u00edan m\u00e1s potentes y m\u00e1s baratos. Sin embargo, la memoria RAM ha demostrado que [&hellip;]<\/p>\n","protected":false},"author":1,"featured_media":11945,"comment_status":"closed","ping_status":"closed","sticky":false,"template":"","format":"standard","meta":{"footnotes":""},"categories":[393],"tags":[578,579,580,574,561,575,576,581,577],"class_list":["post-13165","post","type-post","status-publish","format-standard","has-post-thumbnail","hentry","category-tecnologia-y-tendencias","tag-chatgpt","tag-componentes-informaticos","tag-gemini","tag-hardware","tag-infraestructura-it","tag-inteligencia-artificial","tag-memoria-ram","tag-precio-de-la-ram","tag-tecnologia-empresarial"],"yoast_head":"<!-- This site is optimized with the Yoast SEO plugin v27.1.1 - https:\/\/yoast.com\/product\/yoast-seo-wordpress\/ -->\n<title>Por qu\u00e9 la RAM es tan cara y qu\u00e9 factores influyen en su precio - Epic<\/title>\n<meta name=\"robots\" content=\"index, follow, max-snippet:-1, max-image-preview:large, max-video-preview:-1\" \/>\n<link rel=\"canonical\" href=\"https:\/\/epic.es\/ca\/por-que-la-ram-es-tan-cara\/\" \/>\n<meta property=\"og:locale\" content=\"ca_ES\" \/>\n<meta property=\"og:type\" content=\"article\" \/>\n<meta property=\"og:title\" content=\"Por qu\u00e9 la RAM es tan cara y qu\u00e9 factores influyen en su precio - Epic\" \/>\n<meta property=\"og:description\" content=\"Quien haya intentado ampliar la memoria de un ordenador en los \u00faltimos a\u00f1os seguramente se ha hecho la misma pregunta: \u00bfpor qu\u00e9 la RAM es tan cara? Durante mucho tiempo, la sensaci\u00f3n general era justo la contraria. Cada a\u00f1o, los componentes parec\u00edan m\u00e1s potentes y m\u00e1s baratos. Sin embargo, la memoria RAM ha demostrado que [&hellip;]\" \/>\n<meta property=\"og:url\" content=\"https:\/\/epic.es\/ca\/por-que-la-ram-es-tan-cara\/\" \/>\n<meta property=\"og:site_name\" content=\"Epic\" \/>\n<meta property=\"article:published_time\" content=\"2025-12-22T09:00:00+00:00\" \/>\n<meta name=\"author\" content=\"Epic Inform\u00e1tica\" \/>\n<meta name=\"twitter:card\" content=\"summary_large_image\" \/>\n<meta name=\"twitter:label1\" content=\"Escrit per\" \/>\n\t<meta name=\"twitter:data1\" content=\"Epic Inform\u00e1tica\" \/>\n\t<meta name=\"twitter:label2\" content=\"Temps estimat de lectura\" \/>\n\t<meta name=\"twitter:data2\" content=\"4 minuts\" \/>\n<script type=\"application\/ld+json\" class=\"yoast-schema-graph\">{\"@context\":\"https:\/\/schema.org\",\"@graph\":[{\"@type\":\"Article\",\"@id\":\"https:\/\/epic.es\/ca\/por-que-la-ram-es-tan-cara\/#article\",\"isPartOf\":{\"@id\":\"https:\/\/epic.es\/ca\/por-que-la-ram-es-tan-cara\/\"},\"author\":{\"name\":\"Epic Inform\u00e1tica\",\"@id\":\"https:\/\/epic.es\/#\/schema\/person\/09e2e10c4a52338f338f379b6d07acba\"},\"headline\":\"Por qu\u00e9 la RAM es tan cara y qu\u00e9 factores influyen en su precio\",\"datePublished\":\"2025-12-22T09:00:00+00:00\",\"mainEntityOfPage\":{\"@id\":\"https:\/\/epic.es\/ca\/por-que-la-ram-es-tan-cara\/\"},\"wordCount\":882,\"publisher\":{\"@id\":\"https:\/\/epic.es\/#organization\"},\"image\":{\"@id\":\"https:\/\/epic.es\/ca\/por-que-la-ram-es-tan-cara\/#primaryimage\"},\"thumbnailUrl\":\"https:\/\/epic.es\/wp-content\/uploads\/2025\/12\/ChatGPT-Image-16-dic-2025-10_07_53-1.png\",\"keywords\":[\"ChatGPT\",\"componentes inform\u00e1ticos\",\"Gemini\",\"hardware\",\"infraestructura IT\",\"inteligencia artificial\",\"memoria RAM\",\"precio de la RAM\",\"tecnolog\u00eda empresarial\"],\"articleSection\":[\"Tecnolog\u00eda y Tendencias\"],\"inLanguage\":\"ca\"},{\"@type\":\"WebPage\",\"@id\":\"https:\/\/epic.es\/ca\/por-que-la-ram-es-tan-cara\/\",\"url\":\"https:\/\/epic.es\/ca\/por-que-la-ram-es-tan-cara\/\",\"name\":\"Por qu\u00e9 la RAM es tan cara y qu\u00e9 factores influyen en su precio - Epic\",\"isPartOf\":{\"@id\":\"https:\/\/epic.es\/#website\"},\"primaryImageOfPage\":{\"@id\":\"https:\/\/epic.es\/ca\/por-que-la-ram-es-tan-cara\/#primaryimage\"},\"image\":{\"@id\":\"https:\/\/epic.es\/ca\/por-que-la-ram-es-tan-cara\/#primaryimage\"},\"thumbnailUrl\":\"https:\/\/epic.es\/wp-content\/uploads\/2025\/12\/ChatGPT-Image-16-dic-2025-10_07_53-1.png\",\"datePublished\":\"2025-12-22T09:00:00+00:00\",\"breadcrumb\":{\"@id\":\"https:\/\/epic.es\/ca\/por-que-la-ram-es-tan-cara\/#breadcrumb\"},\"inLanguage\":\"ca\",\"potentialAction\":[{\"@type\":\"ReadAction\",\"target\":[\"https:\/\/epic.es\/ca\/por-que-la-ram-es-tan-cara\/\"]}]},{\"@type\":\"ImageObject\",\"inLanguage\":\"ca\",\"@id\":\"https:\/\/epic.es\/ca\/por-que-la-ram-es-tan-cara\/#primaryimage\",\"url\":\"https:\/\/epic.es\/wp-content\/uploads\/2025\/12\/ChatGPT-Image-16-dic-2025-10_07_53-1.png\",\"contentUrl\":\"https:\/\/epic.es\/wp-content\/uploads\/2025\/12\/ChatGPT-Image-16-dic-2025-10_07_53-1.png\",\"width\":1536,\"height\":1024},{\"@type\":\"BreadcrumbList\",\"@id\":\"https:\/\/epic.es\/ca\/por-que-la-ram-es-tan-cara\/#breadcrumb\",\"itemListElement\":[{\"@type\":\"ListItem\",\"position\":1,\"name\":\"Home\",\"item\":\"https:\/\/epic.es\/ca\/\"},{\"@type\":\"ListItem\",\"position\":2,\"name\":\"Por qu\u00e9 la RAM es tan cara y qu\u00e9 factores influyen en su precio\"}]},{\"@type\":\"WebSite\",\"@id\":\"https:\/\/epic.es\/#website\",\"url\":\"https:\/\/epic.es\/\",\"name\":\"Epic Inform\u00e0tica\",\"description\":\"Dise\u00f1o y Programaci\u00f3n web \u00b7 Realizamos todo tipo de dise\u00f1o y programaci\u00f3n web completamente a medida, webs corporativas, cms, tiendas on-line, hosting etc.\",\"publisher\":{\"@id\":\"https:\/\/epic.es\/#organization\"},\"potentialAction\":[{\"@type\":\"SearchAction\",\"target\":{\"@type\":\"EntryPoint\",\"urlTemplate\":\"https:\/\/epic.es\/?s={search_term_string}\"},\"query-input\":{\"@type\":\"PropertyValueSpecification\",\"valueRequired\":true,\"valueName\":\"search_term_string\"}}],\"inLanguage\":\"ca\"},{\"@type\":\"Organization\",\"@id\":\"https:\/\/epic.es\/#organization\",\"name\":\"Epic Solutions\",\"url\":\"https:\/\/epic.es\/\",\"logo\":{\"@type\":\"ImageObject\",\"inLanguage\":\"ca\",\"@id\":\"https:\/\/epic.es\/#\/schema\/logo\/image\/\",\"url\":\"https:\/\/epic.es\/wp-content\/uploads\/2025\/02\/epic-white.png\",\"contentUrl\":\"https:\/\/epic.es\/wp-content\/uploads\/2025\/02\/epic-white.png\",\"width\":435,\"height\":165,\"caption\":\"Epic Solutions\"},\"image\":{\"@id\":\"https:\/\/epic.es\/#\/schema\/logo\/image\/\"},\"sameAs\":[\"https:\/\/www.linkedin.com\/company\/epictelecom\/\"]},{\"@type\":\"Person\",\"@id\":\"https:\/\/epic.es\/#\/schema\/person\/09e2e10c4a52338f338f379b6d07acba\",\"name\":\"Epic Inform\u00e1tica\",\"image\":{\"@type\":\"ImageObject\",\"inLanguage\":\"ca\",\"@id\":\"https:\/\/epic.es\/#\/schema\/person\/image\/\",\"url\":\"https:\/\/epic.es\/wp-content\/uploads\/2025\/06\/epic-informatica_avatar-96x96.png\",\"contentUrl\":\"https:\/\/epic.es\/wp-content\/uploads\/2025\/06\/epic-informatica_avatar-96x96.png\",\"caption\":\"Epic Inform\u00e1tica\"},\"description\":\"Asesoramiento, an\u00e1lisis, consultor\u00eda y acompa\u00f1amiento. Adaptados a las necesidades de cada cliente.\",\"sameAs\":[\"http:\/\/epic.es\",\"https:\/\/www.linkedin.com\/company\/epictelecom\/\"],\"url\":\"https:\/\/epic.es\/ca\/author\/w38-3p1c\/\"}]}<\/script>\n<!-- \/ Yoast SEO plugin. -->","yoast_head_json":{"title":"Por qu\u00e9 la RAM es tan cara y qu\u00e9 factores influyen en su precio - Epic","robots":{"index":"index","follow":"follow","max-snippet":"max-snippet:-1","max-image-preview":"max-image-preview:large","max-video-preview":"max-video-preview:-1"},"canonical":"https:\/\/epic.es\/ca\/por-que-la-ram-es-tan-cara\/","og_locale":"ca_ES","og_type":"article","og_title":"Por qu\u00e9 la RAM es tan cara y qu\u00e9 factores influyen en su precio - Epic","og_description":"Quien haya intentado ampliar la memoria de un ordenador en los \u00faltimos a\u00f1os seguramente se ha hecho la misma pregunta: \u00bfpor qu\u00e9 la RAM es tan cara? Durante mucho tiempo, la sensaci\u00f3n general era justo la contraria. Cada a\u00f1o, los componentes parec\u00edan m\u00e1s potentes y m\u00e1s baratos. Sin embargo, la memoria RAM ha demostrado que [&hellip;]","og_url":"https:\/\/epic.es\/ca\/por-que-la-ram-es-tan-cara\/","og_site_name":"Epic","article_published_time":"2025-12-22T09:00:00+00:00","author":"Epic Inform\u00e1tica","twitter_card":"summary_large_image","twitter_misc":{"Escrit per":"Epic Inform\u00e1tica","Temps estimat de lectura":"4 minuts"},"schema":{"@context":"https:\/\/schema.org","@graph":[{"@type":"Article","@id":"https:\/\/epic.es\/ca\/por-que-la-ram-es-tan-cara\/#article","isPartOf":{"@id":"https:\/\/epic.es\/ca\/por-que-la-ram-es-tan-cara\/"},"author":{"name":"Epic Inform\u00e1tica","@id":"https:\/\/epic.es\/#\/schema\/person\/09e2e10c4a52338f338f379b6d07acba"},"headline":"Por qu\u00e9 la RAM es tan cara y qu\u00e9 factores influyen en su precio","datePublished":"2025-12-22T09:00:00+00:00","mainEntityOfPage":{"@id":"https:\/\/epic.es\/ca\/por-que-la-ram-es-tan-cara\/"},"wordCount":882,"publisher":{"@id":"https:\/\/epic.es\/#organization"},"image":{"@id":"https:\/\/epic.es\/ca\/por-que-la-ram-es-tan-cara\/#primaryimage"},"thumbnailUrl":"https:\/\/epic.es\/wp-content\/uploads\/2025\/12\/ChatGPT-Image-16-dic-2025-10_07_53-1.png","keywords":["ChatGPT","componentes inform\u00e1ticos","Gemini","hardware","infraestructura IT","inteligencia artificial","memoria RAM","precio de la RAM","tecnolog\u00eda empresarial"],"articleSection":["Tecnolog\u00eda y Tendencias"],"inLanguage":"ca"},{"@type":"WebPage","@id":"https:\/\/epic.es\/ca\/por-que-la-ram-es-tan-cara\/","url":"https:\/\/epic.es\/ca\/por-que-la-ram-es-tan-cara\/","name":"Por qu\u00e9 la RAM es tan cara y qu\u00e9 factores influyen en su precio - Epic","isPartOf":{"@id":"https:\/\/epic.es\/#website"},"primaryImageOfPage":{"@id":"https:\/\/epic.es\/ca\/por-que-la-ram-es-tan-cara\/#primaryimage"},"image":{"@id":"https:\/\/epic.es\/ca\/por-que-la-ram-es-tan-cara\/#primaryimage"},"thumbnailUrl":"https:\/\/epic.es\/wp-content\/uploads\/2025\/12\/ChatGPT-Image-16-dic-2025-10_07_53-1.png","datePublished":"2025-12-22T09:00:00+00:00","breadcrumb":{"@id":"https:\/\/epic.es\/ca\/por-que-la-ram-es-tan-cara\/#breadcrumb"},"inLanguage":"ca","potentialAction":[{"@type":"ReadAction","target":["https:\/\/epic.es\/ca\/por-que-la-ram-es-tan-cara\/"]}]},{"@type":"ImageObject","inLanguage":"ca","@id":"https:\/\/epic.es\/ca\/por-que-la-ram-es-tan-cara\/#primaryimage","url":"https:\/\/epic.es\/wp-content\/uploads\/2025\/12\/ChatGPT-Image-16-dic-2025-10_07_53-1.png","contentUrl":"https:\/\/epic.es\/wp-content\/uploads\/2025\/12\/ChatGPT-Image-16-dic-2025-10_07_53-1.png","width":1536,"height":1024},{"@type":"BreadcrumbList","@id":"https:\/\/epic.es\/ca\/por-que-la-ram-es-tan-cara\/#breadcrumb","itemListElement":[{"@type":"ListItem","position":1,"name":"Home","item":"https:\/\/epic.es\/ca\/"},{"@type":"ListItem","position":2,"name":"Por qu\u00e9 la RAM es tan cara y qu\u00e9 factores influyen en su precio"}]},{"@type":"WebSite","@id":"https:\/\/epic.es\/#website","url":"https:\/\/epic.es\/","name":"Epic Inform\u00e0tica","description":"Dise\u00f1o y Programaci\u00f3n web \u00b7 Realizamos todo tipo de dise\u00f1o y programaci\u00f3n web completamente a medida, webs corporativas, cms, tiendas on-line, hosting etc.","publisher":{"@id":"https:\/\/epic.es\/#organization"},"potentialAction":[{"@type":"SearchAction","target":{"@type":"EntryPoint","urlTemplate":"https:\/\/epic.es\/?s={search_term_string}"},"query-input":{"@type":"PropertyValueSpecification","valueRequired":true,"valueName":"search_term_string"}}],"inLanguage":"ca"},{"@type":"Organization","@id":"https:\/\/epic.es\/#organization","name":"Epic Solutions","url":"https:\/\/epic.es\/","logo":{"@type":"ImageObject","inLanguage":"ca","@id":"https:\/\/epic.es\/#\/schema\/logo\/image\/","url":"https:\/\/epic.es\/wp-content\/uploads\/2025\/02\/epic-white.png","contentUrl":"https:\/\/epic.es\/wp-content\/uploads\/2025\/02\/epic-white.png","width":435,"height":165,"caption":"Epic Solutions"},"image":{"@id":"https:\/\/epic.es\/#\/schema\/logo\/image\/"},"sameAs":["https:\/\/www.linkedin.com\/company\/epictelecom\/"]},{"@type":"Person","@id":"https:\/\/epic.es\/#\/schema\/person\/09e2e10c4a52338f338f379b6d07acba","name":"Epic Inform\u00e1tica","image":{"@type":"ImageObject","inLanguage":"ca","@id":"https:\/\/epic.es\/#\/schema\/person\/image\/","url":"https:\/\/epic.es\/wp-content\/uploads\/2025\/06\/epic-informatica_avatar-96x96.png","contentUrl":"https:\/\/epic.es\/wp-content\/uploads\/2025\/06\/epic-informatica_avatar-96x96.png","caption":"Epic Inform\u00e1tica"},"description":"Asesoramiento, an\u00e1lisis, consultor\u00eda y acompa\u00f1amiento. Adaptados a las necesidades de cada cliente.","sameAs":["http:\/\/epic.es","https:\/\/www.linkedin.com\/company\/epictelecom\/"],"url":"https:\/\/epic.es\/ca\/author\/w38-3p1c\/"}]}},"_links":{"self":[{"href":"https:\/\/epic.es\/ca\/wp-json\/wp\/v2\/posts\/13165","targetHints":{"allow":["GET"]}}],"collection":[{"href":"https:\/\/epic.es\/ca\/wp-json\/wp\/v2\/posts"}],"about":[{"href":"https:\/\/epic.es\/ca\/wp-json\/wp\/v2\/types\/post"}],"author":[{"embeddable":true,"href":"https:\/\/epic.es\/ca\/wp-json\/wp\/v2\/users\/1"}],"replies":[{"embeddable":true,"href":"https:\/\/epic.es\/ca\/wp-json\/wp\/v2\/comments?post=13165"}],"version-history":[{"count":0,"href":"https:\/\/epic.es\/ca\/wp-json\/wp\/v2\/posts\/13165\/revisions"}],"wp:featuredmedia":[{"embeddable":true,"href":"https:\/\/epic.es\/ca\/wp-json\/wp\/v2\/media\/11945"}],"wp:attachment":[{"href":"https:\/\/epic.es\/ca\/wp-json\/wp\/v2\/media?parent=13165"}],"wp:term":[{"taxonomy":"category","embeddable":true,"href":"https:\/\/epic.es\/ca\/wp-json\/wp\/v2\/categories?post=13165"},{"taxonomy":"post_tag","embeddable":true,"href":"https:\/\/epic.es\/ca\/wp-json\/wp\/v2\/tags?post=13165"}],"curies":[{"name":"wp","href":"https:\/\/api.w.org\/{rel}","templated":true}]}}